{"id":705,"date":"2011-11-29T23:50:46","date_gmt":"2011-11-29T22:50:46","guid":{"rendered":"http:\/\/www.jovenesinconformistas.org\/?p=705"},"modified":"2011-11-29T23:50:46","modified_gmt":"2011-11-29T22:50:46","slug":"cancelan-charla-de-abogadas-proetarras-en-la-facultad-de-derecho","status":"publish","type":"post","link":"https:\/\/www.jovenesinconformistas.org\/?p=705","title":{"rendered":"Cancelan charla de abogadas proetarras en la Facultad de Derecho."},"content":{"rendered":"<p><img loading=\"lazy\" decoding=\"async\" class=\"alignleft\" src=\"http:\/\/1.bp.blogspot.com\/_WuV5f0rp1u4\/SnNAMP87yjI\/AAAAAAAAAKU\/5HznUaN3kHA\/s320\/asesinos+ETA.jpg\" alt=\"\" width=\"196\" height=\"252\" \/>La presi\u00f3n social y en concreto estudiantil ha conseguido frenar un acto de marcado car\u00e1cter proetarra que iba a tener lugar en la Facultad de Derecho de Salamanca.<br \/>\nLa charla-debate programada estaba organizada por Yesca(organizaci\u00f3n juvenil que reclama la independencia de Castilla) y Red Roja.<\/p>\n<p>Ya hace <a href=\"http:\/\/www.jovenesinconformistas.org\/2011\/03\/cancelan-un-acto-proetarra-en-la-universidad-2\/\">unos meses una charla de similares caracter\u00edsticas fue cancelada<\/a> tambien debido a las quejas de la ciudadan\u00eda y de varios colectivos, entre ellos la Asociaci\u00f3n de V\u00edctimas del Terrorismo.<\/p>\n<p>Resulta gracioso que llamen charla-debate a un acto en el que \u00fanicamente se da voz a los defensores de los asesinos etarras. Tiene pinta mas bien de ser un acto pol\u00edtico, para reclamar la independencia de Vascongadas y victimizar a los etarras, exigiendo el indulto, como vienen haciendo desde que se proclamara la \u00abtregua definitiva\u00bb.<!--more--><br \/>\nEn esta ocasi\u00f3n han alzado la voz contra este vergonzante acto de desprecio a las v\u00edctimas del terrorismo etarras el sindicato estudiantil \u00abSoluci\u00f3n Independiente Universitaria\u00bb, quien ha dado la voz de alarma, la AVT y un sindicato policial, entre otros.<\/p>\n<p><img loading=\"lazy\" decoding=\"async\" class=\"aligncenter\" src=\"http:\/\/i44.tinypic.com\/25u7k3a.jpg\" alt=\"\" width=\"353\" height=\"501\" \/><\/p>\n<p>Es indignante la connivencia de los diferentes decanos y por ende del rector, con estos grup\u00fasculos de extrema-izquierda, que utilizan la Universidad de Salamanca para organizar los actos que les viene en gana.<br \/>\nConcretamente la Facultad de Geograf\u00eda e Historia, acoge constantemente charlas y dem\u00e1s actos de organizaciones como Acci\u00f3n Antifascista de Salamanca(que en varias ocasiones han intentado organizar actos tan pol\u00e9micos como este) o el PCE.<br \/>\nSi en teor\u00eda las aulas se ceden \u00fanicamente a universitarios o asociaciones de ese \u00e1mbito, \u00bfpor qu\u00e9 se permite de forma continuada la realizaci\u00f3n de estos eventos? <strong><br \/>\n<\/strong>No vale con hacer concesiones y echarse atr\u00e1s cuando se ven las orejas al lobo y la presi\u00f3n social amenaza con \u00abensuciar la imagen\u00bb de la Universidad.<strong> Hay que depurar responsabilidades y que dimitan los responsables que permiten que esto suceda.<\/strong><\/p>\n<p><span style=\"text-decoration: underline;\">Por \u00faltimo, recordar a los organizadores, que no hay ninguna paz de la que hablar, puesto que no ha habido ninguna guerra. Simplemente un grupo de asesinos, ha decidido dejar de matar, por ahora.<\/span><\/p>\n<p>&nbsp;<\/p>\n<p>Enlaces a las diferentes noticias:<\/p>\n<p><em>La charla de la pol\u00e9mica<\/em><br \/>\n<a href=\"http:\/\/www.lagacetadesalamanca.es\/salamanca\/2011\/11\/29\/charla-polemica\/46175.html\" target=\"_blank\">http:\/\/www.lagacetadesalamanca.es\/salamanca\/2011\/11\/29\/charla-polemica\/46175.html<\/a><strong><\/strong><\/p>\n<p><em>Suspenden la charla con abogadas abertzales<\/em><br \/>\n<a href=\"http:\/\/www.salamanca24horas.com\/local\/57638-suspendida-la-charla-con-abogadas-de-eta-en-la-facultad-de-derecho\" target=\"_blank\">http:\/\/www.salamanca24horas.com\/local\/57638-suspendida-la-charla-con-abogadas-de-eta-en-la-facultad-de-derecho<\/a><br \/>\n<a href=\"http:\/\/www.lagacetadesalamanca.es\/salamanca\/2011\/11\/29\/derecho-suspende-conferencia-tres-abogadas-entorno-abertzale\/46230.html\" target=\"_blank\">http:\/\/www.lagacetadesalamanca.es\/salamanca\/2011\/11\/29\/derecho-suspende-conferencia-tres-abogadas-entorno-abertzale\/46230.html<\/a><br \/>\n<a href=\"http:\/\/www.salamancaendirecto.com\/index.php?news=26755\" target=\"_blank\">http:\/\/www.salamancaendirecto.com\/index.php?news=26755<\/a><br \/>\n<em>El Sindicato Unificado de Polic\u00eda expresa su malestar<\/em><br \/>\n<a href=\"http:\/\/www.lagacetadesalamanca.es\/salamanca\/2011\/11\/29\/sindicato-unificado-policia-expresa-malestar-celebracion-charla-debate\/46228.html\" target=\"_blank\">http:\/\/www.lagacetadesalamanca.es\/salamanca\/2011\/11\/29\/sindicato-unificado-policia-expresa-malestar-celebracion-charla-debate\/46228.html<\/a><br \/>\n<a href=\"http:\/\/www.salamancaendirecto.com\/index.php?news=26748\" target=\"_blank\">http:\/\/www.salamancaendirecto.com\/index.php?news=26748<\/a><\/p>\n<p><strong><br \/>\n<\/strong><\/p>\n<p>&nbsp;<\/p>\n","protected":false},"excerpt":{"rendered":"<p>La presi\u00f3n social y en concreto estudiantil ha conseguido frenar un acto de marcado car\u00e1cter proetarra que iba a tener lugar en la Facultad de Derecho de Salamanca. La charla-debate programada estaba organizada por Yesca(organizaci\u00f3n juvenil que reclama la independencia de Castilla) y Red Roja. Ya hace unos meses una \u2026 <a href=\"https:\/\/www.jovenesinconformistas.org\/?p=705\">Contin\u00faa leyendo <span class=\"meta-nav\">&rarr; <\/span><\/a><\/p>\n","protected":false},"author":1,"featured_media":0,"comment_status":"open","ping_status":"open","sticky":false,"template":"","format":"standard","meta":{"_monsterinsights_skip_tracking":false,"_monsterinsights_sitenote_active":false,"_monsterinsights_sitenote_note":"","_monsterinsights_sitenote_category":0,"footnotes":""},"categories":[18,21],"tags":[],"class_list":["post-705","post","type-post","status-publish","format-standard","hentry","category-noticias","category-terrorismo"],"aioseo_notices":[],"_links":{"self":[{"href":"https:\/\/www.jovenesinconformistas.org\/index.php?rest_route=\/wp\/v2\/posts\/705","targetHints":{"allow":["GET"]}}],"collection":[{"href":"https:\/\/www.jovenesinconformistas.org\/index.php?rest_route=\/wp\/v2\/posts"}],"about":[{"href":"https:\/\/www.jovenesinconformistas.org\/index.php?rest_route=\/wp\/v2\/types\/post"}],"author":[{"embeddable":true,"href":"https:\/\/www.jovenesinconformistas.org\/index.php?rest_route=\/wp\/v2\/users\/1"}],"replies":[{"embeddable":true,"href":"https:\/\/www.jovenesinconformistas.org\/index.php?rest_route=%2Fwp%2Fv2%2Fcomments&post=705"}],"version-history":[{"count":0,"href":"https:\/\/www.jovenesinconformistas.org\/index.php?rest_route=\/wp\/v2\/posts\/705\/revisions"}],"wp:attachment":[{"href":"https:\/\/www.jovenesinconformistas.org\/index.php?rest_route=%2Fwp%2Fv2%2Fmedia&parent=705"}],"wp:term":[{"taxonomy":"category","embeddable":true,"href":"https:\/\/www.jovenesinconformistas.org\/index.php?rest_route=%2Fwp%2Fv2%2Fcategories&post=705"},{"taxonomy":"post_tag","embeddable":true,"href":"https:\/\/www.jovenesinconformistas.org\/index.php?rest_route=%2Fwp%2Fv2%2Ftags&post=705"}],"curies":[{"name":"wp","href":"https:\/\/api.w.org\/{rel}","templated":true}]}}