{"id":435,"date":"2011-01-10T15:29:02","date_gmt":"2011-01-10T14:29:02","guid":{"rendered":"http:\/\/www.jovenesinconformistas.org\/?p=435"},"modified":"2011-01-10T15:29:02","modified_gmt":"2011-01-10T14:29:02","slug":"eta-anuncia-una-treguauna-vez-mas","status":"publish","type":"post","link":"https:\/\/www.jovenesinconformistas.org\/?p=435","title":{"rendered":"ETA anuncia una tregua(una vez m\u00e1s&#8230;)"},"content":{"rendered":"<p><img loading=\"lazy\" decoding=\"async\" class=\"alignleft\" src=\"http:\/\/img160.imageshack.us\/img160\/9360\/euskaao4.jpg\" alt=\"\" width=\"146\" height=\"176\" \/>La banda terrorista ETA, ha anunciado esta ma\u00f1ana un alto el fuego \u00abpermanente\u00bb y \u00abverificable\u00bb.<br \/>\nComo siempre, esta tregua servir\u00e1 para que las fuerzas policiales\u00a0 bajen la guardia y la presi\u00f3n(que en condiciones normales no es excesiva), y la banda asesina se rearme.<br \/>\nLa \u00faltima tregua anunciada por ETA, fue en 2006, y finaliz\u00f3 con el atentado en la Terminal 4 de Barajas, en la que hubo 2 muertos y 20 heridos.<br \/>\n<!--more-->Curiosamente este \u00abalto el fuego\u00bb se produce dos d\u00edas despu\u00e9s de una  manifestaci\u00f3n acontecida en Bilbao, en apoyo de los presos de ETA y por  su acercamiento a prisiones de Vascongadas para que participen en el  \u00bfproceso democr\u00e1tico?.<\/p>\n<p>\u00bfPura casualidad o ha habido \u00abdi\u00e1logo\u00bb entre el Gobierno y ETA? Como siempre, la cercan\u00eda de las elecciones, propician este tipo de acuerdos secretos&#8230;<\/p>\n<p>Esperamos y deseamos, que se aproveche el par\u00f3n en las armas, para aplastar de una vez por todas a estas ratas cobardes.<\/p>\n<p style=\"text-align: center;\">MENOS MANOS BLANCAS Y MAS MANO DURA.<\/p>\n<p style=\"text-align: center;\">\n<p style=\"text-align: left;\"><a href=\"http:\/\/estaticos.elmundo.es\/documentos\/2011\/01\/10\/comunicado_eta.pdf\">Aqu\u00ed el comunicado.<\/a><\/p>\n","protected":false},"excerpt":{"rendered":"<p>La banda terrorista ETA, ha anunciado esta ma\u00f1ana un alto el fuego \u00abpermanente\u00bb y \u00abverificable\u00bb. Como siempre, esta tregua servir\u00e1 para que las fuerzas policiales\u00a0 bajen la guardia y la presi\u00f3n(que en condiciones normales no es excesiva), y la banda asesina se rearme. La \u00faltima tregua anunciada por ETA, fue \u2026 <a href=\"https:\/\/www.jovenesinconformistas.org\/?p=435\">Contin\u00faa leyendo <span class=\"meta-nav\">&rarr; <\/span><\/a><\/p>\n","protected":false},"author":1,"featured_media":0,"comment_status":"open","ping_status":"open","sticky":false,"template":"","format":"standard","meta":{"_monsterinsights_skip_tracking":false,"_monsterinsights_sitenote_active":false,"_monsterinsights_sitenote_note":"","_monsterinsights_sitenote_category":0,"footnotes":""},"categories":[18,21],"tags":[],"class_list":["post-435","post","type-post","status-publish","format-standard","hentry","category-noticias","category-terrorismo"],"aioseo_notices":[],"_links":{"self":[{"href":"https:\/\/www.jovenesinconformistas.org\/index.php?rest_route=\/wp\/v2\/posts\/435","targetHints":{"allow":["GET"]}}],"collection":[{"href":"https:\/\/www.jovenesinconformistas.org\/index.php?rest_route=\/wp\/v2\/posts"}],"about":[{"href":"https:\/\/www.jovenesinconformistas.org\/index.php?rest_route=\/wp\/v2\/types\/post"}],"author":[{"embeddable":true,"href":"https:\/\/www.jovenesinconformistas.org\/index.php?rest_route=\/wp\/v2\/users\/1"}],"replies":[{"embeddable":true,"href":"https:\/\/www.jovenesinconformistas.org\/index.php?rest_route=%2Fwp%2Fv2%2Fcomments&post=435"}],"version-history":[{"count":0,"href":"https:\/\/www.jovenesinconformistas.org\/index.php?rest_route=\/wp\/v2\/posts\/435\/revisions"}],"wp:attachment":[{"href":"https:\/\/www.jovenesinconformistas.org\/index.php?rest_route=%2Fwp%2Fv2%2Fmedia&parent=435"}],"wp:term":[{"taxonomy":"category","embeddable":true,"href":"https:\/\/www.jovenesinconformistas.org\/index.php?rest_route=%2Fwp%2Fv2%2Fcategories&post=435"},{"taxonomy":"post_tag","embeddable":true,"href":"https:\/\/www.jovenesinconformistas.org\/index.php?rest_route=%2Fwp%2Fv2%2Ftags&post=435"}],"curies":[{"name":"wp","href":"https:\/\/api.w.org\/{rel}","templated":true}]}}