{"id":1284,"date":"2015-11-17T17:10:31","date_gmt":"2015-11-17T16:10:31","guid":{"rendered":"http:\/\/www.jovenesinconformistas.org\/?p=1284"},"modified":"2015-11-17T17:10:31","modified_gmt":"2015-11-17T16:10:31","slug":"fuera-islam-de-europa","status":"publish","type":"post","link":"https:\/\/www.jovenesinconformistas.org\/?p=1284","title":{"rendered":"Fuera Islam de Europa"},"content":{"rendered":"<p style=\"text-align: justify;\">Queremos mostrar nuestro apoyo a las familias de las v\u00edctimas y de los afectados de los atentados en Francia, llevamos mucho tiempo advirtiendo que algo parecido iba a suceder, y gracias a la irresponsabilidad por parte de los gobiernos al aplicar pol\u00edticas con su absurdo \u201cbuenismo\u201d del \u00abRefugees welcome\u00bb, exigiendo caridad para los de fuera, estamos sufriendo no solo la p\u00e9rdida de derechos sociales si no tambi\u00e9n los ataques yihadistas.<\/p>\n<p style=\"text-align: justify;\"><a href=\"http:\/\/www.jovenesinconformistas.org\/wp-content\/uploads\/2015\/11\/cats.jpg\"><img loading=\"lazy\" decoding=\"async\" class=\"aligncenter  wp-image-1285\" src=\"http:\/\/www.jovenesinconformistas.org\/wp-content\/uploads\/2015\/11\/cats.jpg\" alt=\"cats\" width=\"487\" height=\"273\" srcset=\"https:\/\/www.jovenesinconformistas.org\/wp-content\/uploads\/2015\/11\/cats.jpg 510w, https:\/\/www.jovenesinconformistas.org\/wp-content\/uploads\/2015\/11\/cats-300x168.jpg 300w, https:\/\/www.jovenesinconformistas.org\/wp-content\/uploads\/2015\/11\/cats-250x140.jpg 250w, https:\/\/www.jovenesinconformistas.org\/wp-content\/uploads\/2015\/11\/cats-150x84.jpg 150w\" sizes=\"auto, (max-width: 487px) 100vw, 487px\" \/><\/a><br \/>\nBienvenidos a Europa terroristas, aqu\u00ed encontrar\u00e9is a pol\u00edticos incompetentes y a una masa aborregada e ignorante que os abrir\u00e1 la puerta de sus casas y dar\u00e1 prioridad en las ayudas sociales para que hag\u00e1is la yihad a discreci\u00f3n.<\/p>\n","protected":false},"excerpt":{"rendered":"<p>Queremos mostrar nuestro apoyo a las familias de las v\u00edctimas y de los afectados de los atentados en Francia, llevamos mucho tiempo advirtiendo que algo parecido iba a suceder, y gracias a la irresponsabilidad por parte de los gobiernos al aplicar pol\u00edticas con su absurdo \u201cbuenismo\u201d del \u00abRefugees welcome\u00bb, exigiendo \u2026 <a href=\"https:\/\/www.jovenesinconformistas.org\/?p=1284\">Contin\u00faa leyendo <span class=\"meta-nav\">&rarr; <\/span><\/a><\/p>\n","protected":false},"author":2,"featured_media":0,"comment_status":"open","ping_status":"open","sticky":false,"template":"","format":"standard","meta":{"_monsterinsights_skip_tracking":false,"_monsterinsights_sitenote_active":false,"_monsterinsights_sitenote_note":"","_monsterinsights_sitenote_category":0,"footnotes":""},"categories":[14,21],"tags":[],"class_list":["post-1284","post","type-post","status-publish","format-standard","hentry","category-inmigracion","category-terrorismo"],"aioseo_notices":[],"_links":{"self":[{"href":"https:\/\/www.jovenesinconformistas.org\/index.php?rest_route=\/wp\/v2\/posts\/1284","targetHints":{"allow":["GET"]}}],"collection":[{"href":"https:\/\/www.jovenesinconformistas.org\/index.php?rest_route=\/wp\/v2\/posts"}],"about":[{"href":"https:\/\/www.jovenesinconformistas.org\/index.php?rest_route=\/wp\/v2\/types\/post"}],"author":[{"embeddable":true,"href":"https:\/\/www.jovenesinconformistas.org\/index.php?rest_route=\/wp\/v2\/users\/2"}],"replies":[{"embeddable":true,"href":"https:\/\/www.jovenesinconformistas.org\/index.php?rest_route=%2Fwp%2Fv2%2Fcomments&post=1284"}],"version-history":[{"count":1,"href":"https:\/\/www.jovenesinconformistas.org\/index.php?rest_route=\/wp\/v2\/posts\/1284\/revisions"}],"predecessor-version":[{"id":1286,"href":"https:\/\/www.jovenesinconformistas.org\/index.php?rest_route=\/wp\/v2\/posts\/1284\/revisions\/1286"}],"wp:attachment":[{"href":"https:\/\/www.jovenesinconformistas.org\/index.php?rest_route=%2Fwp%2Fv2%2Fmedia&parent=1284"}],"wp:term":[{"taxonomy":"category","embeddable":true,"href":"https:\/\/www.jovenesinconformistas.org\/index.php?rest_route=%2Fwp%2Fv2%2Fcategories&post=1284"},{"taxonomy":"post_tag","embeddable":true,"href":"https:\/\/www.jovenesinconformistas.org\/index.php?rest_route=%2Fwp%2Fv2%2Ftags&post=1284"}],"curies":[{"name":"wp","href":"https:\/\/api.w.org\/{rel}","templated":true}]}}