{"id":127,"date":"2010-05-01T00:18:54","date_gmt":"2010-05-01T00:18:54","guid":{"rendered":"http:\/\/www.jovenesinconformistas.org\/?p=127"},"modified":"2010-05-01T00:18:54","modified_gmt":"2010-05-01T00:18:54","slug":"1%c2%ba-de-mayo-jovenes-inconformistas-con-el-trabajador","status":"publish","type":"post","link":"https:\/\/www.jovenesinconformistas.org\/?p=127","title":{"rendered":"1\u00ba de Mayo: J\u00f3venes Inconformistas con el trabajador."},"content":{"rendered":"<p><img loading=\"lazy\" decoding=\"async\" class=\"alignleft\" src=\"http:\/\/img228.imageshack.us\/img228\/9224\/imagen982.jpg\" alt=\"\" width=\"165\" height=\"122\" \/>Desde la Asociaci\u00f3n Juvenil \u00abJ\u00f3venes Inconformistas\u00bb somos conscientes de la grave situaci\u00f3n que sufre nuestra ciudad y nuestro pa\u00eds, en este caso en el plano laboral.<br \/>\nSi algo caracterizar\u00e1 este D\u00eda del Trabajador ser\u00e1n las escandalosas cifras del paro que han anunciado estos d\u00edas: un 20,05%(4.612.700 personas).<br \/>\nEn Salamanca m\u00e1s de 30.000 personas en paro.<br \/>\n<!--more-->Lo peor de todo, es que estas cifras solo son un dato m\u00e1s, ya que no ser\u00e1 el techo de esta crisis que padece Espa\u00f1a; las pr\u00f3ximas estad\u00edsticas ser\u00e1n a\u00fan mas alarmantes.<br \/>\nPor todo esto, no hemos podido quedarnos callados este 1 de Mayo, y hemos decidido realizar varias pancartas denunciando estas cifras de desempleo y homenajear al trabajador espa\u00f1ol.<br \/>\nSabemos que esta grave situaci\u00f3n se prolongar\u00e1 eternamente a no ser que la gente tome conciencia de que son necesarias medidas dr\u00e1sticas, y que debe ser el pueblo quien levante la voz y decirle a estos politicuchos que ya estamos hartos de que se r\u00edan de nosotros, que ellos con sus sueldos millonarios no tienen preocupaciones, pero hay quien tiene que mantener a su familia.<br \/>\nEn todo esto, los j\u00f3venes tenemos un papel importante. Nuestro futuro est\u00e1 en juego.<\/p>\n<p style=\"text-align: center;\">\u00a1LEVANTATE Y LUCHA!<br \/>\n<a href=\"mailto: correo@jovenesinconformistas.org\">correo@jovenesinconformistas.org<\/a><\/p>\n<p style=\"text-align: center;\"><img loading=\"lazy\" decoding=\"async\" class=\"aligncenter\" src=\"http:\/\/img190.imageshack.us\/img190\/4145\/imagen980.jpg\" alt=\"\" width=\"480\" height=\"640\" \/><\/p>\n<p style=\"text-align: center;\"><img loading=\"lazy\" decoding=\"async\" class=\"aligncenter\" src=\"http:\/\/img228.imageshack.us\/img228\/9224\/imagen982.jpg\" alt=\"\" width=\"481\" height=\"362\" \/><\/p>\n<p style=\"text-align: center;\"><img loading=\"lazy\" decoding=\"async\" class=\"aligncenter\" src=\"http:\/\/img27.imageshack.us\/img27\/2673\/imagen983.jpg\" alt=\"\" width=\"479\" height=\"356\" \/><\/p>\n<p style=\"text-align: center;\"><img loading=\"lazy\" decoding=\"async\" class=\"aligncenter\" src=\"http:\/\/img8.imageshack.us\/img8\/2419\/imagen021wa.jpg\" alt=\"\" width=\"475\" height=\"355\" \/><\/p>\n<p style=\"text-align: center;\"><img loading=\"lazy\" decoding=\"async\" class=\"aligncenter\" src=\"http:\/\/img63.imageshack.us\/img63\/7502\/imagen025t.jpg\" alt=\"\" width=\"479\" height=\"358\" \/><\/p>\n<p style=\"text-align: center;\"><img loading=\"lazy\" decoding=\"async\" class=\"aligncenter\" src=\"http:\/\/img196.imageshack.us\/img196\/6163\/imagen007om.jpg\" alt=\"\" width=\"479\" height=\"358\" \/><\/p>\n","protected":false},"excerpt":{"rendered":"<p>Desde la Asociaci\u00f3n Juvenil \u00abJ\u00f3venes Inconformistas\u00bb somos conscientes de la grave situaci\u00f3n que sufre nuestra ciudad y nuestro pa\u00eds, en este caso en el plano laboral. Si algo caracterizar\u00e1 este D\u00eda del Trabajador ser\u00e1n las escandalosas cifras del paro que han anunciado estos d\u00edas: un 20,05%(4.612.700 personas). En Salamanca m\u00e1s \u2026 <a href=\"https:\/\/www.jovenesinconformistas.org\/?p=127\">Contin\u00faa leyendo <span class=\"meta-nav\">&rarr; <\/span><\/a><\/p>\n","protected":false},"author":1,"featured_media":0,"comment_status":"open","ping_status":"open","sticky":false,"template":"","format":"standard","meta":{"_monsterinsights_skip_tracking":false,"_monsterinsights_sitenote_active":false,"_monsterinsights_sitenote_note":"","_monsterinsights_sitenote_category":0,"footnotes":""},"categories":[4,15],"tags":[],"class_list":["post-127","post","type-post","status-publish","format-standard","hentry","category-campanas","category-jovenes-inconformistas"],"aioseo_notices":[],"_links":{"self":[{"href":"https:\/\/www.jovenesinconformistas.org\/index.php?rest_route=\/wp\/v2\/posts\/127","targetHints":{"allow":["GET"]}}],"collection":[{"href":"https:\/\/www.jovenesinconformistas.org\/index.php?rest_route=\/wp\/v2\/posts"}],"about":[{"href":"https:\/\/www.jovenesinconformistas.org\/index.php?rest_route=\/wp\/v2\/types\/post"}],"author":[{"embeddable":true,"href":"https:\/\/www.jovenesinconformistas.org\/index.php?rest_route=\/wp\/v2\/users\/1"}],"replies":[{"embeddable":true,"href":"https:\/\/www.jovenesinconformistas.org\/index.php?rest_route=%2Fwp%2Fv2%2Fcomments&post=127"}],"version-history":[{"count":0,"href":"https:\/\/www.jovenesinconformistas.org\/index.php?rest_route=\/wp\/v2\/posts\/127\/revisions"}],"wp:attachment":[{"href":"https:\/\/www.jovenesinconformistas.org\/index.php?rest_route=%2Fwp%2Fv2%2Fmedia&parent=127"}],"wp:term":[{"taxonomy":"category","embeddable":true,"href":"https:\/\/www.jovenesinconformistas.org\/index.php?rest_route=%2Fwp%2Fv2%2Fcategories&post=127"},{"taxonomy":"post_tag","embeddable":true,"href":"https:\/\/www.jovenesinconformistas.org\/index.php?rest_route=%2Fwp%2Fv2%2Ftags&post=127"}],"curies":[{"name":"wp","href":"https:\/\/api.w.org\/{rel}","templated":true}]}}