{"id":844,"date":"2013-05-22T22:55:56","date_gmt":"2013-05-22T20:55:56","guid":{"rendered":"http:\/\/www.jovenesinconformistas.org\/?p=844"},"modified":"2013-05-22T22:55:56","modified_gmt":"2013-05-22T20:55:56","slug":"dos-musulmanes-decapitan-a-un-soldado-ingles-en-londres","status":"publish","type":"post","link":"http:\/\/www.jovenesinconformistas.org\/?p=844","title":{"rendered":"Dos musulmanes decapit\u00e1n a un soldado ingl\u00e9s en Londres."},"content":{"rendered":"<p><a href=\"http:\/\/www.jovenesinconformistas.org\/2010\/04\/stop-islamizacion\/stop-islamizacion-copia\/\" rel=\"attachment wp-att-79\"><img loading=\"lazy\" decoding=\"async\" class=\"alignleft size-full wp-image-79\" alt=\"stop islamizacion copia\" src=\"http:\/\/www.jovenesinconformistas.org\/wp-content\/uploads\/stop-islamizacion-copia.jpg\" width=\"303\" height=\"430\" \/><\/a> \u00abJuramos por el todopoderoso Al\u00e1 que nunca dejaremos de luchar contra vosotros. Vuestra gente nunca estar\u00e1 a salvo<strong>.\u00bb<br \/>\n<\/strong>Estas fueron las palabras de dos hombres que esta misma tarde han asesinado a un soldado brit\u00e1nico en un barrio de Londres.<br \/>\nSobre las 14.00 horas, los dos musulmanes atropellaron al soldado y posteriormente se abalanzaron sobre \u00e9l armados con cuchillos y machetes, asesinandolo salvajemente y posteriormente lo decapitaron.<br \/>\nEstos hechos, dejan en evidencia una vez m\u00e1s, que la inmigraci\u00f3n descontrolada est\u00e1 provocando que se cuelen en Europa aut\u00e9nticos terroristas islamistas. De hecho, este suceso coincide con los disturbios que est\u00e1n teniendo lugar en Estocolmo, donde determinados barrios est\u00e1n siendo arrasados por la poblaci\u00f3n inmigrante.<\/p>\n<p>Transcribimos la noticia de Londres:<\/p>\n<p>Un hombre cuya identidad no ha sido confirmada por el Ministerio de Defensa, pero que testigos identificaron como a un soldado de un cuartel pr\u00f3ximo a la zona, fue asesinado -presuntamente decapitado- con un machete. El crimen ocurri\u00f3 en el barrio de Woolwich, al sureste de Londres.<\/p>\n<p><!--more-->Los dos agresores fueron detenidos por la polic\u00eda de Greenwich. Seg\u00fan testigos, ten\u00edan aspecto de ser musulmanes y la v\u00edctima llevaba una camiseta con el eslogan <strong>&#8216;Help the heroes&#8217;<\/strong>, una frase muy utilizada en apoyo a los soldados brit\u00e1nicos en misiones fuera del pa\u00eds.<\/p>\n<div>\n<div><img loading=\"lazy\" decoding=\"async\" title=\"El cuerpo del soldado decapitado. | @bietle_\" alt=\"El cuerpo del soldado decapitado. | @bietle_\" src=\"http:\/\/estaticos01.cache.el-mundo.net\/elmundo\/imagenes\/2013\/05\/22\/internacional\/1369241591_extras_ladillos_2_1.jpg\" width=\"470\" height=\"350\" border=\"0\" \/><\/div>\n<\/div>\n<p>La polic\u00eda ha confirmado que recibi\u00f3 una llamada a las 14.20 del mediod\u00eda del mi\u00e9rcoles por un incidente ocurrido en Wooolwich, barrio junto al tur\u00edstico Greenwich. Tambi\u00e9n ha confirmado la muerte de un hombre (sin identificar) y la detenci\u00f3n de sus atacantes, <strong>uno de los cuales est\u00e1 grave<\/strong>. En el lugar de los hechos se recogi\u00f3 un machete y varias armas.<\/p>\n<p>\u00abLa polic\u00eda dispar\u00f3 sobre dos hombres que, seg\u00fan los informes que tenemos en este momento, iban armados\u00bb, explic\u00f3 en una comparecencia p\u00fablica el oficial de Scotland Yard Simon Letchford.<\/p>\n<p>El comandante de la polic\u00eda se\u00f1al\u00f3 que el \u00abincidente puede causar preocupaci\u00f3n en la comunidad\u00bb y <strong>pidi\u00f3 evitar \u00abespeculaciones innecesarias\u00bb<\/strong> sobre la naturaleza del ataque.<\/p>\n<p>Letchford afirm\u00f3 que la polic\u00eda investiga ahora las circunstancias en las que se produjo el ataque inicial as\u00ed como las que llevaron a la polic\u00eda a disparar.<\/p>\n<p>El Servicio de Ambulancias confirm\u00f3 que dos heridos (los atacantes) hab\u00edan sido trasladados a un hospital. El barrio de Woolwich, en el estuario del r\u00edo T\u00e1mesis, es <strong>una zona de clase trabajadora ajena a conflictos raciales o \u00e9tnicos<\/strong>.<\/p>\n<p><strong>La vida de uno de los heridos corre peligro a causa de los balazos recibidos<\/strong>, indic\u00f3 el servicio de ambulancias londinense. Ambos reciben tratamiento en diferentes hospitales, apunt\u00f3 un portavoz policial.<\/p>\n<div>\n<div><img loading=\"lazy\" decoding=\"async\" title=\"[foto de la noticia]\" alt=\"[foto de la noticia]\" src=\"http:\/\/estaticos02.cache.el-mundo.net\/elmundo\/imagenes\/2013\/05\/22\/internacional\/1369241591_extras_ladillos_1_1.jpg\" width=\"470\" height=\"515\" border=\"0\" \/><\/div>\n<\/div>\n<p>El diputado de la zona, el laborista Nick Raynsford, conden\u00f3 el ataque y dijo que, seg\u00fan sus informaciones, uno de los atacantes filmaba la decapitaci\u00f3n y gritaron <strong>\u00abAllahu Akbar\u00bb (\u00abAl\u00e1 es Grande\u00bb)<\/strong>.<\/p>\n<h3>&#8216;Ojo por ojo&#8217;<\/h3>\n<p>Es posible que el altercado se iniciase despu\u00e9s de que los dos hombres <strong>atropellasen al soldado<\/strong> con el coche estrellado que ha podido verse en algunas im\u00e1genes.<\/p>\n<p>A continuaci\u00f3n se bajaron del autom\u00f3vil y, seg\u00fan testigos oculares, se aproximaron a \u00e9l, que yac\u00eda tendido el suelo tras la colisi\u00f3n, y<strong> lo decapitaron con un machete<\/strong>, seg\u00fan &#8216;The Telegraph&#8217;. Un testigo, en declaraciones a LBC radio, lleg\u00f3 a pensar que sus atacantes <strong>\u00abpretend\u00edan sacarle los \u00f3rganos\u00bb<\/strong>.<\/p>\n<p><strong>Fue atacado con cuchillos como si fuera \u00abun pedazo de carne\u00bb<\/strong>. \u00abEstos dos hombres estaban trastornados\u00bb, cont\u00f3. \u00abEran como animales. Lo arrastraron desde la acera y tiraron su cuerpo en el medio de la calle y lo dejaron ah\u00ed\u00bb.<\/p>\n<p>Luego, los atacantes permanecieron en el lugar, agitando cuchillos y una pistola, y <strong>pidi\u00e9ndole a los transe\u00fantes que sacaran su foto<\/strong>, \u00abcomo si quisieran estar en televisi\u00f3n o algo as\u00ed\u00bb, relat\u00f3 James.<\/p>\n<p>En unas im\u00e1genes emitidas por ITV News (aunque se desconoce qui\u00e9n ha podido grabarlas), uno de los agresores se dirige directamente a la c\u00e1mara para explicar sus motivaciones. \u00abJuramos por el todopoderoso Al\u00e1 que nunca dejaremos de luchar contra vosotros. <strong>La \u00fanica raz\u00f3n por la que hemos hecho esto es porque los musulmanes mueren todos los d\u00edas<\/strong>. Este soldado brit\u00e1nico es un ojo por ojo y diente por diente\u00bb, aduce.<\/p>\n<div>\n<div><img loading=\"lazy\" decoding=\"async\" style=\"border: 0px none;\" alt=\"\" src=\"http:\/\/estaticos03.cache.el-mundo.net\/elmundo\/imagenes\/2013\/05\/22\/internacional\/1369241591_extras_ladillos_3_0.jpg\" width=\"470\" height=\"318\" border=\"0\" \/><\/div>\n<\/div>\n<p>\u00abPedimos perd\u00f3n por que las mujeres tengan que ver esto hoy pero en nuestra tierra nuestras mujeres tienen que ver lo mismo. <strong>Vuestra gente nunca estar\u00e1 a salvo.<\/strong> Cambiad vuestro gobierno. A ellos no les import\u00e1is\u00bb.<\/p>\n<h3>&#8216;Unas mujeres valientes&#8217;<\/h3>\n<p>Seg\u00fan algunos testigos, lejos de dejarse dominar por el miedo, hubo personas que <strong>se bajaron de sus coches<\/strong> y se acercaron al cuerpo tendido en el suelo, junto al que a\u00fan se encontraban los criminales. En concreto, <strong>fueron mujeres las que se interpusieron entre los agresores y el soldado<\/strong> para que no siguieran lastim\u00e1ndolo, seg\u00fan informa &#8216;The Telegraph&#8217;.<\/p>\n<p>\u00abUnas mujeres valientes\u00bb, en palabras de los testigos, se enfrentaron a los agresores mientras ellos agitaban sus cuchillos de forma amenazante.<\/p>\n<p>El Consejo Musulm\u00e1n del Reino Unido, por su parte, conden\u00f3 \u00absin reservas\u00bb el asesinato del soldado, que calific\u00f3 de <strong>\u00abun acto b\u00e1rbaro, sin ninguna base con el Islam\u00bb<\/strong>.<\/p>\n<p>El primer ministro, David Cameron, ha interrumpido sus reuniones en Bruselas y Par\u00eds para convocar una reuni\u00f3n de Cobra, el comit\u00e9 de seguridad, presidida por la ministra de Interior Theresa May.<\/p>\n<p>El alcalde de Londres, <strong>Boris Johnson<\/strong>, afirma que es \u00abmuy probable\u00bb que se trate de \u00abun acto terrorista\u00bb.<\/p>\n<p>Fuente: <a href=\"http:\/\/www.elmundo.es\/elmundo\/2013\/05\/22\/internacional\/1369241591.html?a=27bdb73c37d2079554598e37bd88048e&amp;t=1369255185&amp;numero=\" target=\"_blank\">Elmundo.es<\/a><\/p>\n","protected":false},"excerpt":{"rendered":"<p>\u00abJuramos por el todopoderoso Al\u00e1 que nunca dejaremos de luchar contra vosotros. Vuestra gente nunca estar\u00e1 a salvo.\u00bb Estas fueron las palabras de dos hombres que esta misma tarde han asesinado a un soldado brit\u00e1nico en un barrio de Londres. Sobre las 14.00 horas, los dos musulmanes atropellaron al soldado \u2026 <a href=\"http:\/\/www.jovenesinconformistas.org\/?p=844\">Contin\u00faa leyendo <span class=\"meta-nav\">&rarr; <\/span><\/a><\/p>\n","protected":false},"author":1,"featured_media":0,"comment_status":"open","ping_status":"open","sticky":false,"template":"","format":"standard","meta":{"_monsterinsights_skip_tracking":false,"_monsterinsights_sitenote_active":false,"_monsterinsights_sitenote_note":"","_monsterinsights_sitenote_category":0,"footnotes":""},"categories":[14,18,21],"tags":[],"class_list":["post-844","post","type-post","status-publish","format-standard","hentry","category-inmigracion","category-noticias","category-terrorismo"],"aioseo_notices":[],"_links":{"self":[{"href":"http:\/\/www.jovenesinconformistas.org\/index.php?rest_route=\/wp\/v2\/posts\/844","targetHints":{"allow":["GET"]}}],"collection":[{"href":"http:\/\/www.jovenesinconformistas.org\/index.php?rest_route=\/wp\/v2\/posts"}],"about":[{"href":"http:\/\/www.jovenesinconformistas.org\/index.php?rest_route=\/wp\/v2\/types\/post"}],"author":[{"embeddable":true,"href":"http:\/\/www.jovenesinconformistas.org\/index.php?rest_route=\/wp\/v2\/users\/1"}],"replies":[{"embeddable":true,"href":"http:\/\/www.jovenesinconformistas.org\/index.php?rest_route=%2Fwp%2Fv2%2Fcomments&post=844"}],"version-history":[{"count":0,"href":"http:\/\/www.jovenesinconformistas.org\/index.php?rest_route=\/wp\/v2\/posts\/844\/revisions"}],"wp:attachment":[{"href":"http:\/\/www.jovenesinconformistas.org\/index.php?rest_route=%2Fwp%2Fv2%2Fmedia&parent=844"}],"wp:term":[{"taxonomy":"category","embeddable":true,"href":"http:\/\/www.jovenesinconformistas.org\/index.php?rest_route=%2Fwp%2Fv2%2Fcategories&post=844"},{"taxonomy":"post_tag","embeddable":true,"href":"http:\/\/www.jovenesinconformistas.org\/index.php?rest_route=%2Fwp%2Fv2%2Ftags&post=844"}],"curies":[{"name":"wp","href":"https:\/\/api.w.org\/{rel}","templated":true}]}}