{"id":77,"date":"2010-04-22T14:08:20","date_gmt":"2010-04-22T14:08:20","guid":{"rendered":"http:\/\/www.jovenesinconformistas.org\/?p=77"},"modified":"2010-04-22T14:08:20","modified_gmt":"2010-04-22T14:08:20","slug":"stop-islamizacion","status":"publish","type":"post","link":"http:\/\/www.jovenesinconformistas.org\/?p=77","title":{"rendered":"Stop islamizaci\u00f3n."},"content":{"rendered":"<p><a href=\"http:\/\/www.jovenesinconformistas.org\/wp-content\/uploads\/integraci\u00f3n.gif\"><img loading=\"lazy\" decoding=\"async\" class=\"alignleft size-full wp-image-78\" title=\"integraci\u00f3n\" src=\"http:\/\/www.jovenesinconformistas.org\/wp-content\/uploads\/integraci\u00f3n.gif\" alt=\"\" width=\"113\" height=\"113\" \/><\/a>Hace una semana salt\u00f3 la noticia de que una chica marroqu\u00ed de 16 a\u00f1os,alumna del\u00a0 I.E.S Camilo Jos\u00e9 Cela en Pozuelo de Alarc\u00f3n, hab\u00eda dejado de ir a clase debido a que en su colegio le hab\u00edan prohibido asistir a clase con el \u00abhiyab\u00bb(velo isl\u00e1mico).<br \/>\nLa chica se sinti\u00f3 discriminada y dej\u00f3 de acudir al centro escolar.<\/p>\n<p><!--more-->Lo cierto es que los profesores simplemente aplicaron el reglamento del centro, \u00abno se permitir\u00e1 el uso de gorras ni de ninguna otra prenda que cubra la  cabeza\u00bb, por lo que no existe tal discriminaci\u00f3n, quedando claro que si no se puede llevar a clase un sombrero tampoco se puede llevar un \u00abburka\u00bb o un velo.<br \/>\nPero nosotros vamos mas all\u00e1. El velo no es un simple adorno o complemento est\u00e9tico como puede ser una diadema o una gorra, es un claro s\u00edmbolo isl\u00e1mico que se obliga(aunque digan que no) a llevar a las mujeres como s\u00edmbolo de sumisi\u00f3n.<\/p>\n<p>No nos vamos a meter en si deben llevarlo o no en sus pa\u00edses(es su territorio y ellos sabr\u00e1n que han de hacer), pero estamos en Espa\u00f1a y ya que vienen a aprovecharse de nuestra naci\u00f3n, que respeten nuestras normas, leyes y costumbres.<br \/>\n\u00bfQu\u00e9 pasar\u00eda si una chica espa\u00f1ola fuera a cualquier pa\u00eds musulm\u00e1n con minifalda? \u00bfLa meter\u00edan presa? \u00bfLa lapidar\u00edan o le dar\u00edan unos latigazos?<br \/>\nCurioso que aquellos que se posicionan a favor de que las musulmanas puedan llevar velo en los colegios son aquellas que se manifiestan por la retirada de crucifijos o s\u00edmbolos cristianos de las aulas.<br \/>\n\u00bfUna religi\u00f3n si y otra no? \u00bfDoble moral?<br \/>\nNosotros lo tenemos claro, y vemos como el Islam nos invade(en Salamanca ya tienen diversos bares, una carnicer\u00eda, incluso una mezquita en Garrido), por eso decimos alto y claro: \u00a1Fuera el Islam de nuestra Tierra!<\/p>\n<p><a href=\"http:\/\/www.jovenesinconformistas.org\/wp-content\/uploads\/stop-islamizacion-copia.jpg\"><img loading=\"lazy\" decoding=\"async\" class=\"aligncenter size-full wp-image-79\" title=\"stop islamizacion copia\" src=\"http:\/\/www.jovenesinconformistas.org\/wp-content\/uploads\/stop-islamizacion-copia.jpg\" alt=\"\" width=\"340\" height=\"482\" \/><\/a><\/p>\n","protected":false},"excerpt":{"rendered":"<p>Hace una semana salt\u00f3 la noticia de que una chica marroqu\u00ed de 16 a\u00f1os,alumna del\u00a0 I.E.S Camilo Jos\u00e9 Cela en Pozuelo de Alarc\u00f3n, hab\u00eda dejado de ir a clase debido a que en su colegio le hab\u00edan prohibido asistir a clase con el \u00abhiyab\u00bb(velo isl\u00e1mico). La chica se sinti\u00f3 discriminada \u2026 <a href=\"http:\/\/www.jovenesinconformistas.org\/?p=77\">Contin\u00faa leyendo <span class=\"meta-nav\">&rarr; <\/span><\/a><\/p>\n","protected":false},"author":1,"featured_media":0,"comment_status":"open","ping_status":"open","sticky":false,"template":"","format":"standard","meta":{"_monsterinsights_skip_tracking":false,"_monsterinsights_sitenote_active":false,"_monsterinsights_sitenote_note":"","_monsterinsights_sitenote_category":0,"footnotes":""},"categories":[14,18],"tags":[],"class_list":["post-77","post","type-post","status-publish","format-standard","hentry","category-inmigracion","category-noticias"],"aioseo_notices":[],"_links":{"self":[{"href":"http:\/\/www.jovenesinconformistas.org\/index.php?rest_route=\/wp\/v2\/posts\/77","targetHints":{"allow":["GET"]}}],"collection":[{"href":"http:\/\/www.jovenesinconformistas.org\/index.php?rest_route=\/wp\/v2\/posts"}],"about":[{"href":"http:\/\/www.jovenesinconformistas.org\/index.php?rest_route=\/wp\/v2\/types\/post"}],"author":[{"embeddable":true,"href":"http:\/\/www.jovenesinconformistas.org\/index.php?rest_route=\/wp\/v2\/users\/1"}],"replies":[{"embeddable":true,"href":"http:\/\/www.jovenesinconformistas.org\/index.php?rest_route=%2Fwp%2Fv2%2Fcomments&post=77"}],"version-history":[{"count":0,"href":"http:\/\/www.jovenesinconformistas.org\/index.php?rest_route=\/wp\/v2\/posts\/77\/revisions"}],"wp:attachment":[{"href":"http:\/\/www.jovenesinconformistas.org\/index.php?rest_route=%2Fwp%2Fv2%2Fmedia&parent=77"}],"wp:term":[{"taxonomy":"category","embeddable":true,"href":"http:\/\/www.jovenesinconformistas.org\/index.php?rest_route=%2Fwp%2Fv2%2Fcategories&post=77"},{"taxonomy":"post_tag","embeddable":true,"href":"http:\/\/www.jovenesinconformistas.org\/index.php?rest_route=%2Fwp%2Fv2%2Ftags&post=77"}],"curies":[{"name":"wp","href":"https:\/\/api.w.org\/{rel}","templated":true}]}}