{"id":653,"date":"2011-08-29T23:46:50","date_gmt":"2011-08-29T21:46:50","guid":{"rendered":"http:\/\/www.jovenesinconformistas.org\/?p=653"},"modified":"2011-08-29T23:46:50","modified_gmt":"2011-08-29T21:46:50","slug":"empieza-a-estallar-la-bomba-de-la-multiculturalidad","status":"publish","type":"post","link":"http:\/\/www.jovenesinconformistas.org\/?p=653","title":{"rendered":"Empieza a estallar la bomba de la multiculturalidad."},"content":{"rendered":"<p><img loading=\"lazy\" decoding=\"async\" class=\"aligncenter\" src=\"http:\/\/i55.tinypic.com\/xefvvb.jpg\" alt=\"\" width=\"492\" height=\"325\" \/>La muerte de un nigeriano en Son Gotleu(Mallorca), que cay\u00f3 desde un quinto piso mientras saltaba de un balc\u00f3n a otro, ha desatado desde la noche del Domingo incidentes entre nigerianos y gitanos. Los primeros culpan a los segundos de haber sido los causantes del destino del fallecido, ya que afirman que le estaban persiguiendo para matarle.<!--more-->Esto provoc\u00f3 que unas 150 personas de raza negra arrasaran con todo lo que se encontraban a su paso: quemaron contenedores, destrozaron coches, rompieron escaparates,&#8230;sin importar de quien fuera.<br \/>\nHan habido varios detenidos, nigerianos, uno de ellos portaba un hacha.<br \/>\nLa conflictividad en ese barrio viene ya de atr\u00e1s. Desde hace mas de un a\u00f1o los vecinos vienen denunciando la inseguridad reinante en las calles de Son Gotleu, donde son constantes los enfrentamientos entre nigerianos, gitanos y marroqu\u00edes.\u00a0 Ya el pasado a\u00f1o, unas mil personas se enfrentaron violentamente por el robo de unas gafas de sol.<br \/>\nA continuaci\u00f3n un par de videos de hace a\u00f1o y medio sobre los problemas en la zona:<br \/>\n[youtube]http:\/\/www.youtube.com\/watch?v=SBQkdR2xAPA[\/youtube]<br \/>\n[youtube]http:\/\/www.youtube.com\/watch?v=v_ogAOTnwY0[\/youtube]<\/p>\n<p style=\"text-align: justify;\">La inmigraci\u00f3n masiva y descontrolada est\u00e1 provocando que numerosos barrios de toda la geograf\u00eda espa\u00f1ola se est\u00e9n convirtiendo en guetos que mas pronto que tarde estallar\u00e1n y suceder\u00e1 como en el cintur\u00f3n de Par\u00eds, o como los sucesos que hemos visto hace unas semanas en Londres.<\/p>\n<p><strong>En Salamanca, el ejemplo del Barrio Garrido.<\/strong><\/p>\n<p>En nuestra ciudad, la inmigraci\u00f3n masiva est\u00e1 comenzando ya a ser un problema latente tanto a niveles de delincuencia como amenaza a nuestra identidad cultural.<br \/>\nEn barrios como Garrido, un barrio puramente trabajador, la llegada en poco tiempo de centenares de inmigrantes est\u00e1 dejando como resultado un aumento de la delincuencia e inseguridad.<br \/>\nEs habitual ver en la prensa la detenci\u00f3n de alg\u00fan extranjero por alg\u00fan hecho delictivo, y es f\u00e1cil escuchar como a alg\u00fan conocido le han robado la cartera.<br \/>\nCabe recordar, que en Garrido existe ya una Mezquita, siendo el primer y \u00fanico barrio de Salamanca en tenerla (<a href=\"http:\/\/www.esmas.com\/noticierostelevisa\/internacionales\/367652.html\">http:\/\/www.esmas.com\/noticierostelevisa\/internacionales\/367652.html<\/a>)<\/p>\n<p>DEFIENDE TU IDENTIDAD.<\/p>\n<p>&nbsp;<\/p>\n","protected":false},"excerpt":{"rendered":"<p>La muerte de un nigeriano en Son Gotleu(Mallorca), que cay\u00f3 desde un quinto piso mientras saltaba de un balc\u00f3n a otro, ha desatado desde la noche del Domingo incidentes entre nigerianos y gitanos. Los primeros culpan a los segundos de haber sido los causantes del destino del fallecido, ya que \u2026 <a href=\"http:\/\/www.jovenesinconformistas.org\/?p=653\">Contin\u00faa leyendo <span class=\"meta-nav\">&rarr; <\/span><\/a><\/p>\n","protected":false},"author":1,"featured_media":0,"comment_status":"open","ping_status":"open","sticky":false,"template":"","format":"standard","meta":{"_monsterinsights_skip_tracking":false,"_monsterinsights_sitenote_active":false,"_monsterinsights_sitenote_note":"","_monsterinsights_sitenote_category":0,"footnotes":""},"categories":[14,18],"tags":[],"class_list":["post-653","post","type-post","status-publish","format-standard","hentry","category-inmigracion","category-noticias"],"aioseo_notices":[],"_links":{"self":[{"href":"http:\/\/www.jovenesinconformistas.org\/index.php?rest_route=\/wp\/v2\/posts\/653","targetHints":{"allow":["GET"]}}],"collection":[{"href":"http:\/\/www.jovenesinconformistas.org\/index.php?rest_route=\/wp\/v2\/posts"}],"about":[{"href":"http:\/\/www.jovenesinconformistas.org\/index.php?rest_route=\/wp\/v2\/types\/post"}],"author":[{"embeddable":true,"href":"http:\/\/www.jovenesinconformistas.org\/index.php?rest_route=\/wp\/v2\/users\/1"}],"replies":[{"embeddable":true,"href":"http:\/\/www.jovenesinconformistas.org\/index.php?rest_route=%2Fwp%2Fv2%2Fcomments&post=653"}],"version-history":[{"count":0,"href":"http:\/\/www.jovenesinconformistas.org\/index.php?rest_route=\/wp\/v2\/posts\/653\/revisions"}],"wp:attachment":[{"href":"http:\/\/www.jovenesinconformistas.org\/index.php?rest_route=%2Fwp%2Fv2%2Fmedia&parent=653"}],"wp:term":[{"taxonomy":"category","embeddable":true,"href":"http:\/\/www.jovenesinconformistas.org\/index.php?rest_route=%2Fwp%2Fv2%2Fcategories&post=653"},{"taxonomy":"post_tag","embeddable":true,"href":"http:\/\/www.jovenesinconformistas.org\/index.php?rest_route=%2Fwp%2Fv2%2Ftags&post=653"}],"curies":[{"name":"wp","href":"https:\/\/api.w.org\/{rel}","templated":true}]}}