{"id":1141,"date":"2015-03-18T01:01:43","date_gmt":"2015-03-18T00:01:43","guid":{"rendered":"http:\/\/www.jovenesinconformistas.org\/?p=1141"},"modified":"2015-03-18T01:03:07","modified_gmt":"2015-03-18T00:03:07","slug":"por-un-futuro-digno","status":"publish","type":"post","link":"http:\/\/www.jovenesinconformistas.org\/?p=1141","title":{"rendered":"Por un futuro digno."},"content":{"rendered":"<p style=\"text-align: justify;\">Por culpa d<img loading=\"lazy\" decoding=\"async\" class=\"  wp-image-1142 alignleft\" src=\"http:\/\/www.jovenesinconformistas.org\/wp-content\/uploads\/2015\/03\/B8hi-akIcAE5sbJ.jpg\" alt=\"B8hi-akIcAE5sbJ\" width=\"430\" height=\"215\" srcset=\"http:\/\/www.jovenesinconformistas.org\/wp-content\/uploads\/2015\/03\/B8hi-akIcAE5sbJ.jpg 600w, http:\/\/www.jovenesinconformistas.org\/wp-content\/uploads\/2015\/03\/B8hi-akIcAE5sbJ-300x150.jpg 300w, http:\/\/www.jovenesinconformistas.org\/wp-content\/uploads\/2015\/03\/B8hi-akIcAE5sbJ-250x125.jpg 250w, http:\/\/www.jovenesinconformistas.org\/wp-content\/uploads\/2015\/03\/B8hi-akIcAE5sbJ-150x75.jpg 150w\" sizes=\"auto, (max-width: 430px) 100vw, 430px\" \/>e las pol\u00edticas llevadas a cabo tanto por el gobierno actual como por los gobiernos pasados \u00a0en cuestiones como la educaci\u00f3n, el empleo y en el terreno m\u00e1s social, se ha provocado \u00a0una salida masiva de talentos espa\u00f1oles fuera de nuestras fronteras, y han hecho de Espa\u00f1a un pa\u00eds a\u00fan m\u00e1s improductivo.<\/p>\n<p style=\"text-align: justify;\">Espa\u00f1a, en estos \u00faltimos dos a\u00f1os ha perdido 1.000.000 de j\u00f3venes, y nuestro futuro no se presenta muy esperanzador, porque seg\u00fan el \u00faltimo estudio del mercado laboral, los j\u00f3venes sin formaci\u00f3n, es decir<!--more-->, los que tienen los estudios b\u00e1sicos (ESO), ser\u00e1n expulsados del mercado laboral a partir\u00a0de 2025 ya que solo un 2% de \u00e9stos ser\u00e1n colocados en un\u00a0 puesto de trabajo. Los j\u00f3venes con estudios superiores, como los t\u00edtulos universitarios, asciende al 39%, de los cuales casi un 70%, se quieren marchar de Espa\u00f1a al terminar su carrera y de este porcentaje, el 32% no tiene expectativas de regreso.<\/p>\n<p style=\"text-align: justify;\">Nosotros, conscientes de que bajo este sistema las cosas no van a mejorar por s\u00ed mismas con el paso del tiempo, tenemos claro que si no luchamos por nuestro futuro ahora, nadie lo har\u00e1 por nosotros, y sabemos que si hoy no luchamos por un futuro digno, ma\u00f1ana tendremos que buscarnos la vida de manera obligada en otro pa\u00eds, alejados de nuestras ra\u00edces tal y como est\u00e1 ocurriendo con miles de j\u00f3venes espa\u00f1oles altamente cualificados en la actualidad, y que debido a la ineficiencia de nuestros pol\u00edticos son tratados como la basura de Europa.<\/p>\n<p style=\"text-align: justify;\">Por todo lo antes mencionado,\u00a0 nos solidarizamos con todos los estudiantes\u00a0 Espa\u00f1oles y exigimos reformas al gobierno para que esta situaci\u00f3n cambie de rumbo y tengamos un futuro m\u00e1s esperanzador.<\/p>\n<p style=\"text-align: justify;\">Para poder luchar contra las reformas anti-espa\u00f1olas, hacer presi\u00f3n a las instituciones y exigir medidas, ayudas,\u00a0 y reformas que realmente s\u00ed nos beneficien a los j\u00f3venes estudiantes, es necesario que estemos unidos.<\/p>\n<p style=\"text-align: justify;\">Joven espa\u00f1ol, tu futuro es el nuestro. Porque queremos tener un futuro digno en nuestro pa\u00eds, \u00a1asume tu responsabilidad y \u00fanete!<\/p>\n<p style=\"text-align: center;\"><span style=\"text-decoration: underline;\"><strong>\u00a1\u00a1\u00a1En pie sobre un mundo en ruinas!!!<\/strong><\/span><\/p>\n","protected":false},"excerpt":{"rendered":"<p>Por culpa de las pol\u00edticas llevadas a cabo tanto por el gobierno actual como por los gobiernos pasados \u00a0en cuestiones como la educaci\u00f3n, el empleo y en el terreno m\u00e1s social, se ha provocado \u00a0una salida masiva de talentos espa\u00f1oles fuera de nuestras fronteras, y han hecho de Espa\u00f1a un \u2026 <a href=\"http:\/\/www.jovenesinconformistas.org\/?p=1141\">Contin\u00faa leyendo <span class=\"meta-nav\">&rarr; <\/span><\/a><\/p>\n","protected":false},"author":2,"featured_media":0,"comment_status":"open","ping_status":"open","sticky":false,"template":"","format":"standard","meta":{"_monsterinsights_skip_tracking":false,"_monsterinsights_sitenote_active":false,"_monsterinsights_sitenote_note":"","_monsterinsights_sitenote_category":0,"footnotes":""},"categories":[4,6,7,24,15,18,23],"tags":[],"class_list":["post-1141","post","type-post","status-publish","format-standard","hentry","category-campanas","category-corrupcion-politica","category-cultura","category-educacion","category-jovenes-inconformistas","category-noticias","category-politicos"],"aioseo_notices":[],"_links":{"self":[{"href":"http:\/\/www.jovenesinconformistas.org\/index.php?rest_route=\/wp\/v2\/posts\/1141","targetHints":{"allow":["GET"]}}],"collection":[{"href":"http:\/\/www.jovenesinconformistas.org\/index.php?rest_route=\/wp\/v2\/posts"}],"about":[{"href":"http:\/\/www.jovenesinconformistas.org\/index.php?rest_route=\/wp\/v2\/types\/post"}],"author":[{"embeddable":true,"href":"http:\/\/www.jovenesinconformistas.org\/index.php?rest_route=\/wp\/v2\/users\/2"}],"replies":[{"embeddable":true,"href":"http:\/\/www.jovenesinconformistas.org\/index.php?rest_route=%2Fwp%2Fv2%2Fcomments&post=1141"}],"version-history":[{"count":7,"href":"http:\/\/www.jovenesinconformistas.org\/index.php?rest_route=\/wp\/v2\/posts\/1141\/revisions"}],"predecessor-version":[{"id":1149,"href":"http:\/\/www.jovenesinconformistas.org\/index.php?rest_route=\/wp\/v2\/posts\/1141\/revisions\/1149"}],"wp:attachment":[{"href":"http:\/\/www.jovenesinconformistas.org\/index.php?rest_route=%2Fwp%2Fv2%2Fmedia&parent=1141"}],"wp:term":[{"taxonomy":"category","embeddable":true,"href":"http:\/\/www.jovenesinconformistas.org\/index.php?rest_route=%2Fwp%2Fv2%2Fcategories&post=1141"},{"taxonomy":"post_tag","embeddable":true,"href":"http:\/\/www.jovenesinconformistas.org\/index.php?rest_route=%2Fwp%2Fv2%2Ftags&post=1141"}],"curies":[{"name":"wp","href":"https:\/\/api.w.org\/{rel}","templated":true}]}}